{"id":352,"date":"2021-11-02T14:58:19","date_gmt":"2021-11-02T14:58:19","guid":{"rendered":"https:\/\/demosites.io\/web-agency-gb\/?p=352"},"modified":"2025-04-29T08:45:16","modified_gmt":"2025-04-29T06:45:16","slug":"le-couteau-suisse-professionnel","status":"publish","type":"post","link":"https:\/\/encore.ovh\/index.php\/2021\/11\/02\/le-couteau-suisse-professionnel\/","title":{"rendered":"Le couteau-suisse professionnel"},"content":{"rendered":"\n<h2 class=\"wp-block-heading\">O\u00f9 comment on peut vite se sentir passer de candidat \u00e0 objet<\/h2>\n\n\n\n<p>Vous avez postul\u00e9 au poste de vos r\u00eaves et avez r\u00e9ussi \u00e0 d\u00e9crocher un entretien.<\/p>\n\n\n\n<p>Vous vous installez avec confiance face au recruteur, fort(e) de votre parcours professionnel et de vos comp\u00e9tences multiples.<\/p>\n\n\n\n<p>Et l\u00e0, au bout de quelques minutes un qualificatif prend le dessus sur tout le reste. Bravo, vous avez \u00e9t\u00e9 intronis\u00e9(e) couteau-suisse sans trop en comprendre tout de suite les tenants et aboutissants.<\/p>\n\n\n\n<p>Un couteau-suisse se dit d\u2019une personne qui d\u00e9borde de comp\u00e9tences professionnelles sans \u00eatre sp\u00e9cialis\u00e9e dans un domaine pr\u00e9cis, qui s\u2019adapte facilement \u00e0 diff\u00e9rentes t\u00e2ches et contextes.<\/p>\n\n\n\n<p>Vous \u00eates pr\u00e9cieux pour les entreprises et en m\u00eame temps votre sp\u00e9cificit\u00e9 vous rend moins visible quand vous postulez, par choix des recruteurs ou par m\u00e9connaissance de vos capacit\u00e9s. Une personne avec des capacit\u00e9s multiples est souvent plus difficile \u00e0 faire rentrer dans une case.<\/p>\n\n\n\n<p>Avoir plusieurs cordes \u00e0 son arc serait donc potentiellement un frein ou un obstacle \u00e0 l\u2019emploi ? <br>Se voir affubler d\u2019une \u00e9tiquette peut vous cloisonner et vous emp\u00eacher de vous r\u00e9v\u00e9ler. D\u2019autant plus que jusque l\u00e0 vous n\u2019aviez pas conscience de votre sp\u00e9cificit\u00e9.<\/p>\n\n\n\n<p>Je vous propose de travailler ensemble votre projet professionnel lors du bilan de comp\u00e9tences pour d\u00e9passer cette \u00e9tiquette, valoriser vos atouts et les cibler pour vous mettre en avant avec justesse.<\/p>\n\n\n\n<blockquote class=\"wp-block-quote is-layout-flow wp-block-quote-is-layout-flow\">\n<p>#jenesuispasunobjet #jesuisungrandprofessionnel #jesuisunegrandeprofessionnelle<\/p>\n<\/blockquote>\n\n\n\n<p><\/p>\n\n\n\n<h2 class=\"wp-block-heading\"><br><\/h2>\n","protected":false},"excerpt":{"rendered":"<p>Un couteau-suisse se dit d\u2019une personne qui d\u00e9borde de comp\u00e9tences professionnelles sans \u00eatre sp\u00e9cialis\u00e9e dans un domaine pr\u00e9cis, qui s\u2019adapte facilement \u00e0 diff\u00e9rentes t\u00e2ches et contextes.<\/p>\n","protected":false},"author":1,"featured_media":1397,"comment_status":"open","ping_status":"open","sticky":false,"template":"","format":"standard","meta":{"ub_ctt_via":"","neve_meta_sidebar":"","neve_meta_container":"","neve_meta_enable_content_width":"","neve_meta_content_width":0,"neve_meta_title_alignment":"","neve_meta_author_avatar":"","neve_post_elements_order":"","neve_meta_disable_header":"","neve_meta_disable_footer":"","neve_meta_disable_title":"","_themeisle_gutenberg_block_has_review":false,"footnotes":""},"categories":[3],"tags":[],"class_list":["post-352","post","type-post","status-publish","format-standard","has-post-thumbnail","hentry","category-uncategorized"],"featured_image_src":"https:\/\/encore.ovh\/wp-content\/uploads\/2021\/11\/Design-sans-titre.png-1-scaled.jpeg","author_info":{"display_name":"Virginie Encore","author_link":"https:\/\/encore.ovh\/index.php\/author\/admin8209\/"},"yoast_head":"<!-- This site is optimized with the Yoast SEO plugin v25.6 - https:\/\/yoast.com\/wordpress\/plugins\/seo\/ -->\n<title>Le couteau-suisse professionnel - Encore<\/title>\n<meta name=\"robots\" content=\"index, follow, max-snippet:-1, max-image-preview:large, max-video-preview:-1\" \/>\n<link rel=\"canonical\" href=\"https:\/\/encore.ovh\/index.php\/2021\/11\/02\/le-couteau-suisse-professionnel\/\" \/>\n<meta property=\"og:locale\" content=\"fr_FR\" \/>\n<meta property=\"og:type\" content=\"article\" \/>\n<meta property=\"og:title\" content=\"Le couteau-suisse professionnel - Encore\" \/>\n<meta property=\"og:description\" content=\"Un couteau-suisse se dit d\u2019une personne qui d\u00e9borde de comp\u00e9tences professionnelles sans \u00eatre sp\u00e9cialis\u00e9e dans un domaine pr\u00e9cis, qui s\u2019adapte facilement \u00e0 diff\u00e9rentes t\u00e2ches et contextes.\" \/>\n<meta property=\"og:url\" content=\"https:\/\/encore.ovh\/index.php\/2021\/11\/02\/le-couteau-suisse-professionnel\/\" \/>\n<meta property=\"og:site_name\" content=\"Encore\" \/>\n<meta property=\"article:publisher\" content=\"https:\/\/www.facebook.com\/profile.php?id=61573859113213\" \/>\n<meta property=\"article:published_time\" content=\"2021-11-02T14:58:19+00:00\" \/>\n<meta property=\"article:modified_time\" content=\"2025-04-29T06:45:16+00:00\" \/>\n<meta property=\"og:image\" content=\"https:\/\/encore.ovh\/wp-content\/uploads\/2021\/11\/Design-sans-titre.png-1-scaled.jpeg\" \/>\n\t<meta property=\"og:image:width\" content=\"2560\" \/>\n\t<meta property=\"og:image:height\" content=\"1935\" \/>\n\t<meta property=\"og:image:type\" content=\"image\/jpeg\" \/>\n<meta name=\"author\" content=\"Virginie Encore\" \/>\n<meta name=\"twitter:card\" content=\"summary_large_image\" \/>\n<meta name=\"twitter:label1\" content=\"\u00c9crit par\" \/>\n\t<meta name=\"twitter:data1\" content=\"Virginie Encore\" \/>\n\t<meta name=\"twitter:label2\" content=\"Dur\u00e9e de lecture estim\u00e9e\" \/>\n\t<meta name=\"twitter:data2\" content=\"2 minutes\" \/>\n<script type=\"application\/ld+json\" class=\"yoast-schema-graph\">{\"@context\":\"https:\/\/schema.org\",\"@graph\":[{\"@type\":\"Article\",\"@id\":\"https:\/\/encore.ovh\/index.php\/2021\/11\/02\/le-couteau-suisse-professionnel\/#article\",\"isPartOf\":{\"@id\":\"https:\/\/encore.ovh\/index.php\/2021\/11\/02\/le-couteau-suisse-professionnel\/\"},\"author\":{\"name\":\"Virginie Encore\",\"@id\":\"https:\/\/encore.ovh\/#\/schema\/person\/775ae8ab4be26d4a3f89bbdd0c1bf104\"},\"headline\":\"Le couteau-suisse professionnel\",\"datePublished\":\"2021-11-02T14:58:19+00:00\",\"dateModified\":\"2025-04-29T06:45:16+00:00\",\"mainEntityOfPage\":{\"@id\":\"https:\/\/encore.ovh\/index.php\/2021\/11\/02\/le-couteau-suisse-professionnel\/\"},\"wordCount\":253,\"commentCount\":0,\"publisher\":{\"@id\":\"https:\/\/encore.ovh\/#organization\"},\"image\":{\"@id\":\"https:\/\/encore.ovh\/index.php\/2021\/11\/02\/le-couteau-suisse-professionnel\/#primaryimage\"},\"thumbnailUrl\":\"https:\/\/encore.ovh\/wp-content\/uploads\/2021\/11\/Design-sans-titre.png-1-scaled.jpeg\",\"articleSection\":[\"Uncategorized\"],\"inLanguage\":\"fr-FR\",\"potentialAction\":[{\"@type\":\"CommentAction\",\"name\":\"Comment\",\"target\":[\"https:\/\/encore.ovh\/index.php\/2021\/11\/02\/le-couteau-suisse-professionnel\/#respond\"]}]},{\"@type\":\"WebPage\",\"@id\":\"https:\/\/encore.ovh\/index.php\/2021\/11\/02\/le-couteau-suisse-professionnel\/\",\"url\":\"https:\/\/encore.ovh\/index.php\/2021\/11\/02\/le-couteau-suisse-professionnel\/\",\"name\":\"Le couteau-suisse professionnel - Encore\",\"isPartOf\":{\"@id\":\"https:\/\/encore.ovh\/#website\"},\"primaryImageOfPage\":{\"@id\":\"https:\/\/encore.ovh\/index.php\/2021\/11\/02\/le-couteau-suisse-professionnel\/#primaryimage\"},\"image\":{\"@id\":\"https:\/\/encore.ovh\/index.php\/2021\/11\/02\/le-couteau-suisse-professionnel\/#primaryimage\"},\"thumbnailUrl\":\"https:\/\/encore.ovh\/wp-content\/uploads\/2021\/11\/Design-sans-titre.png-1-scaled.jpeg\",\"datePublished\":\"2021-11-02T14:58:19+00:00\",\"dateModified\":\"2025-04-29T06:45:16+00:00\",\"breadcrumb\":{\"@id\":\"https:\/\/encore.ovh\/index.php\/2021\/11\/02\/le-couteau-suisse-professionnel\/#breadcrumb\"},\"inLanguage\":\"fr-FR\",\"potentialAction\":[{\"@type\":\"ReadAction\",\"target\":[\"https:\/\/encore.ovh\/index.php\/2021\/11\/02\/le-couteau-suisse-professionnel\/\"]}]},{\"@type\":\"ImageObject\",\"inLanguage\":\"fr-FR\",\"@id\":\"https:\/\/encore.ovh\/index.php\/2021\/11\/02\/le-couteau-suisse-professionnel\/#primaryimage\",\"url\":\"https:\/\/encore.ovh\/wp-content\/uploads\/2021\/11\/Design-sans-titre.png-1-scaled.jpeg\",\"contentUrl\":\"https:\/\/encore.ovh\/wp-content\/uploads\/2021\/11\/Design-sans-titre.png-1-scaled.jpeg\",\"width\":2560,\"height\":1935},{\"@type\":\"BreadcrumbList\",\"@id\":\"https:\/\/encore.ovh\/index.php\/2021\/11\/02\/le-couteau-suisse-professionnel\/#breadcrumb\",\"itemListElement\":[{\"@type\":\"ListItem\",\"position\":1,\"name\":\"Accueil\",\"item\":\"https:\/\/encore.ovh\/\"},{\"@type\":\"ListItem\",\"position\":2,\"name\":\"Le couteau-suisse professionnel\"}]},{\"@type\":\"WebSite\",\"@id\":\"https:\/\/encore.ovh\/#website\",\"url\":\"https:\/\/encore.ovh\/\",\"name\":\"Encore\",\"description\":\"\u00c9levons vos possibles\",\"publisher\":{\"@id\":\"https:\/\/encore.ovh\/#organization\"},\"potentialAction\":[{\"@type\":\"SearchAction\",\"target\":{\"@type\":\"EntryPoint\",\"urlTemplate\":\"https:\/\/encore.ovh\/?s={search_term_string}\"},\"query-input\":{\"@type\":\"PropertyValueSpecification\",\"valueRequired\":true,\"valueName\":\"search_term_string\"}}],\"inLanguage\":\"fr-FR\"},{\"@type\":\"Organization\",\"@id\":\"https:\/\/encore.ovh\/#organization\",\"name\":\"Encore\",\"url\":\"https:\/\/encore.ovh\/\",\"logo\":{\"@type\":\"ImageObject\",\"inLanguage\":\"fr-FR\",\"@id\":\"https:\/\/encore.ovh\/#\/schema\/logo\/image\/\",\"url\":\"http:\/\/encore.ovh\/wp-content\/uploads\/2025\/03\/Encore-18.png\",\"contentUrl\":\"http:\/\/encore.ovh\/wp-content\/uploads\/2025\/03\/Encore-18.png\",\"width\":500,\"height\":500,\"caption\":\"Encore\"},\"image\":{\"@id\":\"https:\/\/encore.ovh\/#\/schema\/logo\/image\/\"},\"sameAs\":[\"https:\/\/www.facebook.com\/profile.php?id=61573859113213\",\"https:\/\/www.instagram.com\/encore.conseil.et.projets?igsh=MTFvNTh4NWEyb2J2&utm_source=qr\"]},{\"@type\":\"Person\",\"@id\":\"https:\/\/encore.ovh\/#\/schema\/person\/775ae8ab4be26d4a3f89bbdd0c1bf104\",\"name\":\"Virginie Encore\",\"image\":{\"@type\":\"ImageObject\",\"inLanguage\":\"fr-FR\",\"@id\":\"https:\/\/encore.ovh\/#\/schema\/person\/image\/\",\"url\":\"https:\/\/secure.gravatar.com\/avatar\/df11607e1df8f92d1a9a9fc0123858063cfa3ff2cb8852adf34fcbb97eecf4f8?s=96&d=mm&r=g\",\"contentUrl\":\"https:\/\/secure.gravatar.com\/avatar\/df11607e1df8f92d1a9a9fc0123858063cfa3ff2cb8852adf34fcbb97eecf4f8?s=96&d=mm&r=g\",\"caption\":\"Virginie Encore\"},\"sameAs\":[\"http:\/\/encore.ovh\"],\"url\":\"https:\/\/encore.ovh\/index.php\/author\/admin8209\/\"}]}<\/script>\n<!-- \/ Yoast SEO plugin. -->","yoast_head_json":{"title":"Le couteau-suisse professionnel - Encore","robots":{"index":"index","follow":"follow","max-snippet":"max-snippet:-1","max-image-preview":"max-image-preview:large","max-video-preview":"max-video-preview:-1"},"canonical":"https:\/\/encore.ovh\/index.php\/2021\/11\/02\/le-couteau-suisse-professionnel\/","og_locale":"fr_FR","og_type":"article","og_title":"Le couteau-suisse professionnel - Encore","og_description":"Un couteau-suisse se dit d\u2019une personne qui d\u00e9borde de comp\u00e9tences professionnelles sans \u00eatre sp\u00e9cialis\u00e9e dans un domaine pr\u00e9cis, qui s\u2019adapte facilement \u00e0 diff\u00e9rentes t\u00e2ches et contextes.","og_url":"https:\/\/encore.ovh\/index.php\/2021\/11\/02\/le-couteau-suisse-professionnel\/","og_site_name":"Encore","article_publisher":"https:\/\/www.facebook.com\/profile.php?id=61573859113213","article_published_time":"2021-11-02T14:58:19+00:00","article_modified_time":"2025-04-29T06:45:16+00:00","og_image":[{"width":2560,"height":1935,"url":"https:\/\/encore.ovh\/wp-content\/uploads\/2021\/11\/Design-sans-titre.png-1-scaled.jpeg","type":"image\/jpeg"}],"author":"Virginie Encore","twitter_card":"summary_large_image","twitter_misc":{"\u00c9crit par":"Virginie Encore","Dur\u00e9e de lecture estim\u00e9e":"2 minutes"},"schema":{"@context":"https:\/\/schema.org","@graph":[{"@type":"Article","@id":"https:\/\/encore.ovh\/index.php\/2021\/11\/02\/le-couteau-suisse-professionnel\/#article","isPartOf":{"@id":"https:\/\/encore.ovh\/index.php\/2021\/11\/02\/le-couteau-suisse-professionnel\/"},"author":{"name":"Virginie Encore","@id":"https:\/\/encore.ovh\/#\/schema\/person\/775ae8ab4be26d4a3f89bbdd0c1bf104"},"headline":"Le couteau-suisse professionnel","datePublished":"2021-11-02T14:58:19+00:00","dateModified":"2025-04-29T06:45:16+00:00","mainEntityOfPage":{"@id":"https:\/\/encore.ovh\/index.php\/2021\/11\/02\/le-couteau-suisse-professionnel\/"},"wordCount":253,"commentCount":0,"publisher":{"@id":"https:\/\/encore.ovh\/#organization"},"image":{"@id":"https:\/\/encore.ovh\/index.php\/2021\/11\/02\/le-couteau-suisse-professionnel\/#primaryimage"},"thumbnailUrl":"https:\/\/encore.ovh\/wp-content\/uploads\/2021\/11\/Design-sans-titre.png-1-scaled.jpeg","articleSection":["Uncategorized"],"inLanguage":"fr-FR","potentialAction":[{"@type":"CommentAction","name":"Comment","target":["https:\/\/encore.ovh\/index.php\/2021\/11\/02\/le-couteau-suisse-professionnel\/#respond"]}]},{"@type":"WebPage","@id":"https:\/\/encore.ovh\/index.php\/2021\/11\/02\/le-couteau-suisse-professionnel\/","url":"https:\/\/encore.ovh\/index.php\/2021\/11\/02\/le-couteau-suisse-professionnel\/","name":"Le couteau-suisse professionnel - Encore","isPartOf":{"@id":"https:\/\/encore.ovh\/#website"},"primaryImageOfPage":{"@id":"https:\/\/encore.ovh\/index.php\/2021\/11\/02\/le-couteau-suisse-professionnel\/#primaryimage"},"image":{"@id":"https:\/\/encore.ovh\/index.php\/2021\/11\/02\/le-couteau-suisse-professionnel\/#primaryimage"},"thumbnailUrl":"https:\/\/encore.ovh\/wp-content\/uploads\/2021\/11\/Design-sans-titre.png-1-scaled.jpeg","datePublished":"2021-11-02T14:58:19+00:00","dateModified":"2025-04-29T06:45:16+00:00","breadcrumb":{"@id":"https:\/\/encore.ovh\/index.php\/2021\/11\/02\/le-couteau-suisse-professionnel\/#breadcrumb"},"inLanguage":"fr-FR","potentialAction":[{"@type":"ReadAction","target":["https:\/\/encore.ovh\/index.php\/2021\/11\/02\/le-couteau-suisse-professionnel\/"]}]},{"@type":"ImageObject","inLanguage":"fr-FR","@id":"https:\/\/encore.ovh\/index.php\/2021\/11\/02\/le-couteau-suisse-professionnel\/#primaryimage","url":"https:\/\/encore.ovh\/wp-content\/uploads\/2021\/11\/Design-sans-titre.png-1-scaled.jpeg","contentUrl":"https:\/\/encore.ovh\/wp-content\/uploads\/2021\/11\/Design-sans-titre.png-1-scaled.jpeg","width":2560,"height":1935},{"@type":"BreadcrumbList","@id":"https:\/\/encore.ovh\/index.php\/2021\/11\/02\/le-couteau-suisse-professionnel\/#breadcrumb","itemListElement":[{"@type":"ListItem","position":1,"name":"Accueil","item":"https:\/\/encore.ovh\/"},{"@type":"ListItem","position":2,"name":"Le couteau-suisse professionnel"}]},{"@type":"WebSite","@id":"https:\/\/encore.ovh\/#website","url":"https:\/\/encore.ovh\/","name":"Encore","description":"\u00c9levons vos possibles","publisher":{"@id":"https:\/\/encore.ovh\/#organization"},"potentialAction":[{"@type":"SearchAction","target":{"@type":"EntryPoint","urlTemplate":"https:\/\/encore.ovh\/?s={search_term_string}"},"query-input":{"@type":"PropertyValueSpecification","valueRequired":true,"valueName":"search_term_string"}}],"inLanguage":"fr-FR"},{"@type":"Organization","@id":"https:\/\/encore.ovh\/#organization","name":"Encore","url":"https:\/\/encore.ovh\/","logo":{"@type":"ImageObject","inLanguage":"fr-FR","@id":"https:\/\/encore.ovh\/#\/schema\/logo\/image\/","url":"http:\/\/encore.ovh\/wp-content\/uploads\/2025\/03\/Encore-18.png","contentUrl":"http:\/\/encore.ovh\/wp-content\/uploads\/2025\/03\/Encore-18.png","width":500,"height":500,"caption":"Encore"},"image":{"@id":"https:\/\/encore.ovh\/#\/schema\/logo\/image\/"},"sameAs":["https:\/\/www.facebook.com\/profile.php?id=61573859113213","https:\/\/www.instagram.com\/encore.conseil.et.projets?igsh=MTFvNTh4NWEyb2J2&utm_source=qr"]},{"@type":"Person","@id":"https:\/\/encore.ovh\/#\/schema\/person\/775ae8ab4be26d4a3f89bbdd0c1bf104","name":"Virginie Encore","image":{"@type":"ImageObject","inLanguage":"fr-FR","@id":"https:\/\/encore.ovh\/#\/schema\/person\/image\/","url":"https:\/\/secure.gravatar.com\/avatar\/df11607e1df8f92d1a9a9fc0123858063cfa3ff2cb8852adf34fcbb97eecf4f8?s=96&d=mm&r=g","contentUrl":"https:\/\/secure.gravatar.com\/avatar\/df11607e1df8f92d1a9a9fc0123858063cfa3ff2cb8852adf34fcbb97eecf4f8?s=96&d=mm&r=g","caption":"Virginie Encore"},"sameAs":["http:\/\/encore.ovh"],"url":"https:\/\/encore.ovh\/index.php\/author\/admin8209\/"}]}},"_links":{"self":[{"href":"https:\/\/encore.ovh\/index.php\/wp-json\/wp\/v2\/posts\/352","targetHints":{"allow":["GET"]}}],"collection":[{"href":"https:\/\/encore.ovh\/index.php\/wp-json\/wp\/v2\/posts"}],"about":[{"href":"https:\/\/encore.ovh\/index.php\/wp-json\/wp\/v2\/types\/post"}],"author":[{"embeddable":true,"href":"https:\/\/encore.ovh\/index.php\/wp-json\/wp\/v2\/users\/1"}],"replies":[{"embeddable":true,"href":"https:\/\/encore.ovh\/index.php\/wp-json\/wp\/v2\/comments?post=352"}],"version-history":[{"count":9,"href":"https:\/\/encore.ovh\/index.php\/wp-json\/wp\/v2\/posts\/352\/revisions"}],"predecessor-version":[{"id":2387,"href":"https:\/\/encore.ovh\/index.php\/wp-json\/wp\/v2\/posts\/352\/revisions\/2387"}],"wp:featuredmedia":[{"embeddable":true,"href":"https:\/\/encore.ovh\/index.php\/wp-json\/wp\/v2\/media\/1397"}],"wp:attachment":[{"href":"https:\/\/encore.ovh\/index.php\/wp-json\/wp\/v2\/media?parent=352"}],"wp:term":[{"taxonomy":"category","embeddable":true,"href":"https:\/\/encore.ovh\/index.php\/wp-json\/wp\/v2\/categories?post=352"},{"taxonomy":"post_tag","embeddable":true,"href":"https:\/\/encore.ovh\/index.php\/wp-json\/wp\/v2\/tags?post=352"}],"curies":[{"name":"wp","href":"https:\/\/api.w.org\/{rel}","templated":true}]}}